{"id":2396,"date":"2020-03-30T08:24:17","date_gmt":"2020-03-30T06:24:17","guid":{"rendered":"https:\/\/www.adendorf.de\/1\/?p=2396"},"modified":"2021-12-13T11:56:00","modified_gmt":"2021-12-13T10:56:00","slug":"unterstuetzungsangebote-von-oertlichen-institutionen","status":"publish","type":"post","link":"https:\/\/www.adendorf.de\/1\/2020\/03\/30\/unterstuetzungsangebote-von-oertlichen-institutionen\/","title":{"rendered":"Unterst\u00fctzungsangebote von \u00f6rtlichen Institutionen"},"content":{"rendered":"\n<p>\u00d6rtliche Institutionen bieten anl\u00e4sslich der Einschr\u00e4nkungen durch die Corona-Krise Ihre Unterst\u00fctzungen an. Die Kontakte und Hilfsangebote finden Sie hier:<\/p>\n\n\n\n<ul class=\"wp-block-list\"><li><a rel=\"noreferrer noopener\" aria-label=\"Hilfsangebot der ev.-luth. Emmausgemeinde Adendorf (\u00f6ffnet in neuem Tab)\" href=\"https:\/\/emmaus-adendorf-aktuell.wir-e.de\/aktuelles\" target=\"_blank\">Hilfsangebot der ev.-luth. Emmausgemeinde Adendorf<\/a><\/li><li><a rel=\"noreferrer noopener\" aria-label=\"Hilfsangebot des B\u00fcrgervereins Adendorf (\u00f6ffnet in neuem Tab)\" href=\"http:\/\/www.buergerverein-adendorf.de\/\" target=\"_blank\">Hilfsangebot des B\u00fcrgervereins Adendorf<\/a><\/li><li><a rel=\"noreferrer noopener\" aria-label=\"Hilfsangebot des Deutschen Roten Kreuzes (Kreisverband L\u00fcneburg) (\u00f6ffnet in neuem Tab)\" href=\"http:\/\/www.drk-lueneburg.de\/fileadmin\/Eigene_Dokumente\/Einkaufen_Handzettel__002_.pdf\" target=\"_blank\">Hilfsangebot des Deutschen Roten Kreuzes (Kreisverband L\u00fcneburg)<\/a><\/li><\/ul>\n\n\n\n<p>Auch stehen Ihnen unsere ehrenamtlichen Beauftragten bei Fragen zur Verf\u00fcgung. Die Kontaktdaten finden Sie <a href=\"https:\/\/www.adendorf.de\/1\/buergerservice\/beauftragte\/\">hier<\/a>.<\/p>\n","protected":false},"excerpt":{"rendered":"<p>\u00d6rtliche Institutionen bieten anl\u00e4sslich der Einschr\u00e4nkungen durch die Corona-Krise Ihre Unterst\u00fctzungen an. Die Kontakte und Hilfsangebote finden Sie hier: Hilfsangebot der ev.-luth. Emmausgemeinde Adendorf Hilfsangebot des B\u00fcrgervereins Adendorf Hilfsangebot des Deutschen Roten Kreuzes (Kreisverband L\u00fcneburg) Auch stehen Ihnen unsere ehrenamtlichen Beauftragten bei Fragen zur Verf\u00fcgung. Die Kontaktdaten finden Sie hier.<\/p>\n","protected":false},"author":1,"featured_media":2206,"comment_status":"closed","ping_status":"open","sticky":false,"template":"","format":"standard","meta":{"footnotes":""},"categories":[57],"tags":[],"class_list":["post-2396","post","type-post","status-publish","format-standard","has-post-thumbnail","hentry","category-corona"],"publishpress_future_action":{"enabled":false,"date":"2026-05-08 09:32:13","action":"change-status","newStatus":"draft","terms":[],"taxonomy":"category","extraData":[]},"publishpress_future_workflow_manual_trigger":{"enabledWorkflows":[]},"rttpg_featured_image_url":{"full":["https:\/\/www.adendorf.de\/1\/wp-content\/uploads\/2020\/02\/doctor.jpg",1920,1280,false],"landscape":["https:\/\/www.adendorf.de\/1\/wp-content\/uploads\/2020\/02\/doctor.jpg",1920,1280,false],"portraits":["https:\/\/www.adendorf.de\/1\/wp-content\/uploads\/2020\/02\/doctor.jpg",1920,1280,false],"thumbnail":["https:\/\/www.adendorf.de\/1\/wp-content\/uploads\/2020\/02\/doctor-150x150.jpg",150,150,true],"medium":["https:\/\/www.adendorf.de\/1\/wp-content\/uploads\/2020\/02\/doctor-300x200.jpg",300,200,true],"large":["https:\/\/www.adendorf.de\/1\/wp-content\/uploads\/2020\/02\/doctor-1024x683.jpg",750,500,true],"1536x1536":["https:\/\/www.adendorf.de\/1\/wp-content\/uploads\/2020\/02\/doctor-1536x1024.jpg",1536,1024,true],"2048x2048":["https:\/\/www.adendorf.de\/1\/wp-content\/uploads\/2020\/02\/doctor.jpg",1920,1280,false],"hestia-blog":["https:\/\/www.adendorf.de\/1\/wp-content\/uploads\/2020\/02\/doctor-360x240.jpg",360,240,true]},"rttpg_author":{"display_name":"Adendorf","author_link":"https:\/\/www.adendorf.de\/1\/author\/marco-brede\/"},"rttpg_comment":0,"rttpg_category":"<a href=\"https:\/\/www.adendorf.de\/1\/category\/corona\/\" rel=\"category tag\">Corona<\/a>","rttpg_excerpt":"\u00d6rtliche Institutionen bieten anl\u00e4sslich der Einschr\u00e4nkungen durch die Corona-Krise Ihre Unterst\u00fctzungen an. Die Kontakte und Hilfsangebote finden Sie hier: Hilfsangebot der ev.-luth. Emmausgemeinde Adendorf Hilfsangebot des B\u00fcrgervereins Adendorf Hilfsangebot des Deutschen Roten Kreuzes (Kreisverband L\u00fcneburg) Auch stehen Ihnen unsere ehrenamtlichen Beauftragten bei Fragen zur Verf\u00fcgung. Die Kontaktdaten finden Sie hier.","_links":{"self":[{"href":"https:\/\/www.adendorf.de\/1\/wp-json\/wp\/v2\/posts\/2396","targetHints":{"allow":["GET"]}}],"collection":[{"href":"https:\/\/www.adendorf.de\/1\/wp-json\/wp\/v2\/posts"}],"about":[{"href":"https:\/\/www.adendorf.de\/1\/wp-json\/wp\/v2\/types\/post"}],"author":[{"embeddable":true,"href":"https:\/\/www.adendorf.de\/1\/wp-json\/wp\/v2\/users\/1"}],"replies":[{"embeddable":true,"href":"https:\/\/www.adendorf.de\/1\/wp-json\/wp\/v2\/comments?post=2396"}],"version-history":[{"count":3,"href":"https:\/\/www.adendorf.de\/1\/wp-json\/wp\/v2\/posts\/2396\/revisions"}],"predecessor-version":[{"id":4377,"href":"https:\/\/www.adendorf.de\/1\/wp-json\/wp\/v2\/posts\/2396\/revisions\/4377"}],"wp:featuredmedia":[{"embeddable":true,"href":"https:\/\/www.adendorf.de\/1\/wp-json\/wp\/v2\/media\/2206"}],"wp:attachment":[{"href":"https:\/\/www.adendorf.de\/1\/wp-json\/wp\/v2\/media?parent=2396"}],"wp:term":[{"taxonomy":"category","embeddable":true,"href":"https:\/\/www.adendorf.de\/1\/wp-json\/wp\/v2\/categories?post=2396"},{"taxonomy":"post_tag","embeddable":true,"href":"https:\/\/www.adendorf.de\/1\/wp-json\/wp\/v2\/tags?post=2396"}],"curies":[{"name":"wp","href":"https:\/\/api.w.org\/{rel}","templated":true}]}}