{"id":4407,"date":"2021-12-15T13:00:00","date_gmt":"2021-12-15T12:00:00","guid":{"rendered":"https:\/\/www.adendorf.de\/1\/?p=4407"},"modified":"2022-02-15T07:53:37","modified_gmt":"2022-02-15T06:53:37","slug":"allgemeinverfuegung-zum-schutz-gegen-die-afrikanische-schweinepest-bei-haus-und-wildschweinen","status":"publish","type":"post","link":"https:\/\/www.adendorf.de\/1\/2021\/12\/15\/allgemeinverfuegung-zum-schutz-gegen-die-afrikanische-schweinepest-bei-haus-und-wildschweinen\/","title":{"rendered":"Allgemeinverf\u00fcgung zum Schutz gegen die Afrikanische Schweinepest bei Haus- und Wildschweinen"},"content":{"rendered":"\n<p>Bitte beachten Sie die Allgemeinverf\u00fcgung des Landkreises L\u00fcneburg zum Schutz gegen die Afrikanische Schweinepest:<\/p>\n\n\n\n<div class=\"wp-block-file\"><a id=\"wp-block-file--media-2a279e51-fbc0-4d12-b2e3-4eddf365f8b2\" href=\"https:\/\/www.adendorf.de\/1\/wp-content\/uploads\/2021\/12\/Allgemeinverfuegung-Erweiterung-ASP-Monitoring-KaGr-10.12.2021.pdf\">Landkreis L\u00fcneburg &#8211; Allgemeinverf\u00fcgung zum Schutz gegen die Afrikanische Schweinepest bei Haus- und Wildschweinen<\/a><\/div>\n\n\n\n<div class=\"wp-block-file\"><a id=\"wp-block-file--media-50146873-a56e-4229-9662-eedf79b51414\" href=\"https:\/\/www.adendorf.de\/1\/wp-content\/uploads\/2021\/12\/Anschreiben-Jaeger-Erweiterung-ASP-Monitoring-Loe-Gr-10.12.2021-.pdf\">Landkreis L\u00fcneburg &#8211; Anschreiben J\u00e4ger\/innen, Revierinhaber\/innen<\/a><\/div>\n\n\n\n<div class=\"wp-block-file\"><a id=\"wp-block-file--media-d2733069-0fd1-4078-a9c5-0db5746015ee\" href=\"https:\/\/www.adendorf.de\/1\/wp-content\/uploads\/2021\/12\/Infoschreiben-ML-an-Jaeger-Hinweise-ASP-in-MV.pdf\">Nieders\u00e4chsisches Ministerium f\u00fcr Ern\u00e4hrung, Landwirtschaft und Verbraucherschutz &#8211; Informationsschreiben<\/a><\/div>\n\n\n\n<p><\/p>\n","protected":false},"excerpt":{"rendered":"<p>Bitte beachten Sie die Allgemeinverf\u00fcgung des Landkreises L\u00fcneburg zum Schutz gegen die Afrikanische Schweinepest.<\/p>\n","protected":false},"author":1,"featured_media":356,"comment_status":"closed","ping_status":"open","sticky":false,"template":"","format":"standard","meta":{"footnotes":""},"categories":[20],"tags":[],"class_list":["post-4407","post","type-post","status-publish","format-standard","has-post-thumbnail","hentry","category-bekanntmachungen"],"publishpress_future_action":{"enabled":false,"date":"2026-05-07 11:49:50","action":"change-status","newStatus":"draft","terms":[],"taxonomy":"category","extraData":[]},"publishpress_future_workflow_manual_trigger":{"enabledWorkflows":[]},"rttpg_featured_image_url":{"full":["https:\/\/www.adendorf.de\/1\/wp-content\/uploads\/2019\/03\/Bekanntmachung.jpg",1920,1132,false],"landscape":["https:\/\/www.adendorf.de\/1\/wp-content\/uploads\/2019\/03\/Bekanntmachung.jpg",1920,1132,false],"portraits":["https:\/\/www.adendorf.de\/1\/wp-content\/uploads\/2019\/03\/Bekanntmachung.jpg",1920,1132,false],"thumbnail":["https:\/\/www.adendorf.de\/1\/wp-content\/uploads\/2019\/03\/Bekanntmachung-150x150.jpg",150,150,true],"medium":["https:\/\/www.adendorf.de\/1\/wp-content\/uploads\/2019\/03\/Bekanntmachung-300x177.jpg",300,177,true],"large":["https:\/\/www.adendorf.de\/1\/wp-content\/uploads\/2019\/03\/Bekanntmachung-1024x604.jpg",750,442,true],"1536x1536":["https:\/\/www.adendorf.de\/1\/wp-content\/uploads\/2019\/03\/Bekanntmachung-1536x906.jpg",1536,906,true],"2048x2048":["https:\/\/www.adendorf.de\/1\/wp-content\/uploads\/2019\/03\/Bekanntmachung.jpg",1920,1132,false],"hestia-blog":["https:\/\/www.adendorf.de\/1\/wp-content\/uploads\/2019\/03\/Bekanntmachung-360x240.jpg",360,240,true]},"rttpg_author":{"display_name":"Adendorf","author_link":"https:\/\/www.adendorf.de\/1\/author\/marco-brede\/"},"rttpg_comment":0,"rttpg_category":"<a href=\"https:\/\/www.adendorf.de\/1\/category\/bekanntmachungen\/\" rel=\"category tag\">Bekanntmachungen<\/a>","rttpg_excerpt":"Bitte beachten Sie die Allgemeinverf\u00fcgung des Landkreises L\u00fcneburg zum Schutz gegen die Afrikanische Schweinepest.","_links":{"self":[{"href":"https:\/\/www.adendorf.de\/1\/wp-json\/wp\/v2\/posts\/4407","targetHints":{"allow":["GET"]}}],"collection":[{"href":"https:\/\/www.adendorf.de\/1\/wp-json\/wp\/v2\/posts"}],"about":[{"href":"https:\/\/www.adendorf.de\/1\/wp-json\/wp\/v2\/types\/post"}],"author":[{"embeddable":true,"href":"https:\/\/www.adendorf.de\/1\/wp-json\/wp\/v2\/users\/1"}],"replies":[{"embeddable":true,"href":"https:\/\/www.adendorf.de\/1\/wp-json\/wp\/v2\/comments?post=4407"}],"version-history":[{"count":3,"href":"https:\/\/www.adendorf.de\/1\/wp-json\/wp\/v2\/posts\/4407\/revisions"}],"predecessor-version":[{"id":4636,"href":"https:\/\/www.adendorf.de\/1\/wp-json\/wp\/v2\/posts\/4407\/revisions\/4636"}],"wp:featuredmedia":[{"embeddable":true,"href":"https:\/\/www.adendorf.de\/1\/wp-json\/wp\/v2\/media\/356"}],"wp:attachment":[{"href":"https:\/\/www.adendorf.de\/1\/wp-json\/wp\/v2\/media?parent=4407"}],"wp:term":[{"taxonomy":"category","embeddable":true,"href":"https:\/\/www.adendorf.de\/1\/wp-json\/wp\/v2\/categories?post=4407"},{"taxonomy":"post_tag","embeddable":true,"href":"https:\/\/www.adendorf.de\/1\/wp-json\/wp\/v2\/tags?post=4407"}],"curies":[{"name":"wp","href":"https:\/\/api.w.org\/{rel}","templated":true}]}}