{"id":6277,"date":"2023-06-14T11:20:00","date_gmt":"2023-06-14T09:20:00","guid":{"rendered":"https:\/\/www.adendorf.de\/1\/?p=6277"},"modified":"2025-01-22T15:32:59","modified_gmt":"2025-01-22T14:32:59","slug":"foerdermoeglichkeiten","status":"publish","type":"post","link":"https:\/\/www.adendorf.de\/1\/2023\/06\/14\/foerdermoeglichkeiten\/","title":{"rendered":"F\u00f6rderm\u00f6glichkeiten"},"content":{"rendered":"\n<p>Die Gemeinde Adendorf unterst\u00fctzt ihre B\u00fcrgerinnen und B\u00fcrger mit verschiedenen F\u00f6rderprogrammen. Lesen Sie sich die Richtlinien sorgf\u00e4ltig durch und pr\u00fcfen Sie, ob Ihre Vorhaben die Voraussetzungen erf\u00fcllen.<\/p>\n\n\n\n<ul class=\"wp-block-list\">\n<li><a href=\"https:\/\/www.adendorf.de\/1\/wp-content\/uploads\/2019\/03\/heckenprogramm.pdf\">F\u00f6rderrichtlinien f\u00fcr die Bezuschussung von Heckenpflanzungen in der Gemeinde Adendorf (Heckenprogramm)<\/a><\/li>\n\n\n\n<li><a href=\"https:\/\/www.adendorf.de\/1\/wp-content\/uploads\/2022\/03\/Foerderrichtlinie-Dachbegruenungs-Foerderprogramm-der-Gemeinde-Adendorf.pdf\">F\u00f6rderrichtlinien Dachbegr\u00fcnungs-F\u00f6rderprogramm der Gemeinde Adendorf<\/a><\/li>\n\n\n\n<li><a href=\"https:\/\/www.adendorf.de\/1\/wp-content\/uploads\/2023\/11\/Foerderrichtlinie_Stecker_Solar_Geraete.pdf\">F\u00f6rderrichtlinie Stecker-Solar-Ger\u00e4te-F\u00f6rderprogramm der Gemeinde Adendorf<\/a><\/li>\n\n\n\n<li><a href=\"https:\/\/www.adendorf.de\/1\/wp-content\/uploads\/2024\/10\/Foerderrichtlinie_Umweltpreis.pdf\">F\u00f6rderrichtlinie f\u00fcr den kommunalen Umweltpreis der Gemeinde Adendorf<\/a><\/li>\n<\/ul>\n\n\n\n<p><\/p>\n","protected":false},"excerpt":{"rendered":"<p>Informieren Sie sich hier \u00fcber F\u00f6rderm\u00f6glichkeiten in der Gemeinde Adendorf.<\/p>\n","protected":false},"author":1,"featured_media":6307,"comment_status":"closed","ping_status":"open","sticky":false,"template":"","format":"standard","meta":{"footnotes":""},"categories":[41,77],"tags":[],"class_list":["post-6277","post","type-post","status-publish","format-standard","has-post-thumbnail","hentry","category-allgemein","category-foerderprogramme"],"publishpress_future_action":{"enabled":false,"date":"2026-05-08 02:20:24","action":"change-status","newStatus":"draft","terms":[],"taxonomy":"category","extraData":[]},"publishpress_future_workflow_manual_trigger":{"enabledWorkflows":[]},"rttpg_featured_image_url":{"full":["https:\/\/www.adendorf.de\/1\/wp-content\/uploads\/2023\/06\/Foerderprogramme.jpg",1695,1000,false],"landscape":["https:\/\/www.adendorf.de\/1\/wp-content\/uploads\/2023\/06\/Foerderprogramme.jpg",1695,1000,false],"portraits":["https:\/\/www.adendorf.de\/1\/wp-content\/uploads\/2023\/06\/Foerderprogramme.jpg",1695,1000,false],"thumbnail":["https:\/\/www.adendorf.de\/1\/wp-content\/uploads\/2023\/06\/Foerderprogramme-150x150.jpg",150,150,true],"medium":["https:\/\/www.adendorf.de\/1\/wp-content\/uploads\/2023\/06\/Foerderprogramme-300x177.jpg",300,177,true],"large":["https:\/\/www.adendorf.de\/1\/wp-content\/uploads\/2023\/06\/Foerderprogramme-1024x604.jpg",750,442,true],"1536x1536":["https:\/\/www.adendorf.de\/1\/wp-content\/uploads\/2023\/06\/Foerderprogramme-1536x906.jpg",1536,906,true],"2048x2048":["https:\/\/www.adendorf.de\/1\/wp-content\/uploads\/2023\/06\/Foerderprogramme.jpg",1695,1000,false],"hestia-blog":["https:\/\/www.adendorf.de\/1\/wp-content\/uploads\/2023\/06\/Foerderprogramme-360x240.jpg",360,240,true]},"rttpg_author":{"display_name":"Adendorf","author_link":"https:\/\/www.adendorf.de\/1\/author\/marco-brede\/"},"rttpg_comment":0,"rttpg_category":"<a href=\"https:\/\/www.adendorf.de\/1\/category\/startseite\/allgemein\/\" rel=\"category tag\">Allgemein<\/a> <a href=\"https:\/\/www.adendorf.de\/1\/category\/klimaschutz\/foerderprogramme\/\" rel=\"category tag\">F\u00f6rderprogramme<\/a>","rttpg_excerpt":"Informieren Sie sich hier \u00fcber F\u00f6rderm\u00f6glichkeiten in der Gemeinde Adendorf.","_links":{"self":[{"href":"https:\/\/www.adendorf.de\/1\/wp-json\/wp\/v2\/posts\/6277","targetHints":{"allow":["GET"]}}],"collection":[{"href":"https:\/\/www.adendorf.de\/1\/wp-json\/wp\/v2\/posts"}],"about":[{"href":"https:\/\/www.adendorf.de\/1\/wp-json\/wp\/v2\/types\/post"}],"author":[{"embeddable":true,"href":"https:\/\/www.adendorf.de\/1\/wp-json\/wp\/v2\/users\/1"}],"replies":[{"embeddable":true,"href":"https:\/\/www.adendorf.de\/1\/wp-json\/wp\/v2\/comments?post=6277"}],"version-history":[{"count":4,"href":"https:\/\/www.adendorf.de\/1\/wp-json\/wp\/v2\/posts\/6277\/revisions"}],"predecessor-version":[{"id":7214,"href":"https:\/\/www.adendorf.de\/1\/wp-json\/wp\/v2\/posts\/6277\/revisions\/7214"}],"wp:featuredmedia":[{"embeddable":true,"href":"https:\/\/www.adendorf.de\/1\/wp-json\/wp\/v2\/media\/6307"}],"wp:attachment":[{"href":"https:\/\/www.adendorf.de\/1\/wp-json\/wp\/v2\/media?parent=6277"}],"wp:term":[{"taxonomy":"category","embeddable":true,"href":"https:\/\/www.adendorf.de\/1\/wp-json\/wp\/v2\/categories?post=6277"},{"taxonomy":"post_tag","embeddable":true,"href":"https:\/\/www.adendorf.de\/1\/wp-json\/wp\/v2\/tags?post=6277"}],"curies":[{"name":"wp","href":"https:\/\/api.w.org\/{rel}","templated":true}]}}