{"id":6744,"date":"2024-04-25T16:57:30","date_gmt":"2024-04-25T14:57:30","guid":{"rendered":"https:\/\/www.adendorf.de\/1\/?p=6744"},"modified":"2026-03-10T11:19:13","modified_gmt":"2026-03-10T10:19:13","slug":"stecker-solar-geraete-foerderprogramm-der-gemeinde-adendorf","status":"publish","type":"post","link":"https:\/\/www.adendorf.de\/1\/2024\/04\/25\/stecker-solar-geraete-foerderprogramm-der-gemeinde-adendorf\/","title":{"rendered":"Stecker-Solar-Ger\u00e4te-F\u00f6rderprogramm der Gemeinde Adendorf"},"content":{"rendered":"\n<p>Die Gemeinde Adendorf hat sich zum Ziel, gesetzt die CO2-Emissionen in ihrem Gebiet zu senken. Der Ausbau der Erneuerbaren Energien spielt dabei eine wesentliche Rolle. Um den Ausbau zu unterst\u00fctzen, sollen durch F\u00f6rderprogramme Anreize geschaffen werden. Durch diese Richtlinie sollen sog. Stecker-Solar-Ger\u00e4te gef\u00f6rdert werden. Auf diese Weise k\u00f6nnen auch Mieter*innen bzw. Eigent\u00fcmer*innen von Wohnungen, denen kein eigenes Dach zur Verf\u00fcgung steht, auf einfache Weise Strom erzeugen.<\/p>\n\n\n\n<ul class=\"wp-block-list\">\n<li><a href=\"https:\/\/www.adendorf.de\/1\/wp-content\/uploads\/2023\/11\/Foerderrichtlinie_Stecker_Solar_Geraete.pdf\">F\u00f6rderrichtlinie<\/a><\/li>\n\n\n\n<li><a href=\"https:\/\/www.adendorf.de\/1\/wp-content\/uploads\/2023\/11\/Antrag-Steckersolar.pdf\">Antrag auf Gew\u00e4hrung eines Zuschusses<\/a><\/li>\n<\/ul>\n\n\n\n<p><strong>Ansprechpartnerin<\/strong><br>Nancy Dutz<br>Gemeinde Adendorf<br>Rathausplatz 14<br>Telefon: <a href=\"tel:04131980941\">04131 9809 41<\/a><br>Telefax: 04131 9809 56<br>E-Mail: <a href=\"&#x6d;&#x61;&#x69;&#x6c;&#x74;&#x6f;&#x3a;&#x6e;&#x61;&#x6e;&#x63;&#121;&#46;&#100;&#117;&#116;&#122;&#64;adendo&#x72;&#x66;&#x2e;&#x64;&#x65;\">na&#110;&#99;&#121;&#46;&#x64;&#x75;&#x74;&#x7a;&#x40;ad&#101;&#110;&#100;&#111;&#x72;&#x66;&#x2e;&#x64;&#x65;<\/a><\/p>\n\n\n\n<p><\/p>\n","protected":false},"excerpt":{"rendered":"<p>Die Gemeinde Adendorf hat sich zum Ziel, gesetzt die CO2-Emissionen in ihrem Gebiet zu senken. Der Ausbau der Erneuerbaren Energien spielt dabei eine wesentliche Rolle. Um den Ausbau zu unterst\u00fctzen, sollen durch F\u00f6rderprogramme Anreize geschaffen werden. Durch diese Richtlinie sollen sog. Stecker-Solar-Ger\u00e4te gef\u00f6rdert werden. Auf diese Weise k\u00f6nnen auch Mieter*innen [&hellip;]<\/p>\n","protected":false},"author":1,"featured_media":0,"comment_status":"closed","ping_status":"open","sticky":false,"template":"","format":"standard","meta":{"footnotes":""},"categories":[77,59],"tags":[],"class_list":["post-6744","post","type-post","status-publish","format-standard","hentry","category-foerderprogramme","category-klimaschutzmassnahmen"],"publishpress_future_action":{"enabled":false,"date":"2026-05-06 18:50:46","action":"change-status","newStatus":"draft","terms":[],"taxonomy":"category","extraData":[]},"publishpress_future_workflow_manual_trigger":{"enabledWorkflows":[]},"rttpg_featured_image_url":null,"rttpg_author":{"display_name":"Adendorf","author_link":"https:\/\/www.adendorf.de\/1\/author\/marco-brede\/"},"rttpg_comment":0,"rttpg_category":"<a href=\"https:\/\/www.adendorf.de\/1\/category\/klimaschutz\/foerderprogramme\/\" rel=\"category tag\">F\u00f6rderprogramme<\/a> <a href=\"https:\/\/www.adendorf.de\/1\/category\/klimaschutzmassnahmen\/\" rel=\"category tag\">Klimaschutzma\u00dfnahmen<\/a>","rttpg_excerpt":"Die Gemeinde Adendorf hat sich zum Ziel, gesetzt die CO2-Emissionen in ihrem Gebiet zu senken. Der Ausbau der Erneuerbaren Energien spielt dabei eine wesentliche Rolle. Um den Ausbau zu unterst\u00fctzen, sollen durch F\u00f6rderprogramme Anreize geschaffen werden. Durch diese Richtlinie sollen sog. Stecker-Solar-Ger\u00e4te gef\u00f6rdert werden. Auf diese Weise k\u00f6nnen auch Mieter*innen [&hellip;]","_links":{"self":[{"href":"https:\/\/www.adendorf.de\/1\/wp-json\/wp\/v2\/posts\/6744","targetHints":{"allow":["GET"]}}],"collection":[{"href":"https:\/\/www.adendorf.de\/1\/wp-json\/wp\/v2\/posts"}],"about":[{"href":"https:\/\/www.adendorf.de\/1\/wp-json\/wp\/v2\/types\/post"}],"author":[{"embeddable":true,"href":"https:\/\/www.adendorf.de\/1\/wp-json\/wp\/v2\/users\/1"}],"replies":[{"embeddable":true,"href":"https:\/\/www.adendorf.de\/1\/wp-json\/wp\/v2\/comments?post=6744"}],"version-history":[{"count":10,"href":"https:\/\/www.adendorf.de\/1\/wp-json\/wp\/v2\/posts\/6744\/revisions"}],"predecessor-version":[{"id":8961,"href":"https:\/\/www.adendorf.de\/1\/wp-json\/wp\/v2\/posts\/6744\/revisions\/8961"}],"wp:attachment":[{"href":"https:\/\/www.adendorf.de\/1\/wp-json\/wp\/v2\/media?parent=6744"}],"wp:term":[{"taxonomy":"category","embeddable":true,"href":"https:\/\/www.adendorf.de\/1\/wp-json\/wp\/v2\/categories?post=6744"},{"taxonomy":"post_tag","embeddable":true,"href":"https:\/\/www.adendorf.de\/1\/wp-json\/wp\/v2\/tags?post=6744"}],"curies":[{"name":"wp","href":"https:\/\/api.w.org\/{rel}","templated":true}]}}