{"id":7800,"date":"2021-03-23T11:33:00","date_gmt":"2021-03-23T10:33:00","guid":{"rendered":"https:\/\/www.adendorf.de\/1\/?p=7800"},"modified":"2025-02-05T11:34:44","modified_gmt":"2025-02-05T10:34:44","slug":"fairtrade-town-adendorf","status":"publish","type":"post","link":"https:\/\/www.adendorf.de\/1\/2021\/03\/23\/fairtrade-town-adendorf\/","title":{"rendered":"Fairtrade-Town Adendorf"},"content":{"rendered":"\n<p><strong>B\u00fcrgerverein regt Zertifizierung als Fairtrade-Kommune an<\/strong><\/p>\n\n\n\n<p>Die Vorsitzende des B\u00fcrgervereins Adendorf, Frau Gundula Meyer, regte auf der gestrigen Ratssitzung am 25. August 2017 an, dass der Gemeinderat einen Beschluss dar\u00fcber fassen m\u00f6ge, dass Adendorf sich um die Auszeichnung \u201eFairtrade-Town\u201c bewerbe. B\u00fcrgermeister Thomas Maack sicherte zu, dass die Verwaltung die Voraussetzungen f\u00fcr die Zertifizierung als \u201eFairtrade-Town\u201c pr\u00fcfen werde und dem Gemeinderat das Ergebnis vorlegen werde. Insgesamt seien f\u00fcnf Kriterien zu erf\u00fcllen. Hierbei geht es insbesondere darum, dass m\u00f6glichst viele Akteure aus der Gemeinde (Einzelhandel, Restaurants, Kultur- und Bildungseinrichtungen &amp; Vereine) sich aktiv mit dem Thema Fairtrade befassen und entsprechende Produkte anbieten.<\/p>\n\n\n\n<p><strong>Rat ber\u00e4t \u00fcber die Teilnahme an der Kampagne \u201eFairtrade-Town\u201c<\/strong><\/p>\n\n\n\n<p>Auf der kommenden Ratssitzung des Gemeinderates am 06.04.2017 wird unter Tagesordnungspunkt 14 \u00fcber die Teilnahme Adendorfs an der Kampagne \u201eFairtrade-Towns\u201c beraten. Sofern der Gemeinderat zustimmt, wird sich eine Steuerungsgruppe gr\u00fcnden und die Kriterien f\u00fcr die Aufnahme in den Kreis der Fairtrade-Towns abarbeiten. Ziel ist es, den fairen Handel als festen Bestandteil Adendorfs zu integrieren.<\/p>\n\n\n\n<p><strong>Gemeinderat bef\u00fcrwortet Teilnahme an \u201eFairtrade-Kampagne\u201c<\/strong><\/p>\n\n\n\n<p>Auf der gestrigen Ratssitzung (06.04.2017) hat sich der Rat der Gemeinde Adendorf einstimmig daf\u00fcr ausgesprochen, an der Kampagne \u201eFairtrade-Towns\u201c teilzunehmen. Jetzt wird \u00fcber die Verwaltung eine Steuerungsgruppe eingeladen, die sich aus folgenden Partnern zusammensetzt:<\/p>\n\n\n\n<ul class=\"wp-block-list\">\n<li>F\u00fcr die Zivilgesellschaft: 1 Vertreter des B\u00fcrgervereins &amp; 1 Vertreter der Kirche<\/li>\n\n\n\n<li>F\u00fcr die Wirtschaft: 1 Vertreter der Werbegemeinschaft<\/li>\n\n\n\n<li>F\u00fcr die Politik: 3 Vertreter aus dem Gemeinderat<\/li>\n<\/ul>\n\n\n\n<p><strong>Erste Sitzung der Steuerungsgruppe<\/strong><\/p>\n\n\n\n<p>Am heutigen Tag (23.05.2017) fand die erste Sitzung der Steuerungsgruppe \u201eFairtrade-Town\u201c statt. Auf der konstituierenden Sitzung wurde Frau Gundula Meyer (B\u00fcrgerverein) zur Sprecherin der Steuerungsgruppe benannt. Gemeinsam wurden auf der Sitzung besprochen, wie die Unterlagen f\u00fcr die Zertifizierung zusammengestellt werden. Ziel ist es, bis Ende des Jahres 2017 die Unterlagen f\u00fcr die Zertifizierung abgegeben zu haben. Insbesondere geht es hierbei um die Nachweise von Kooperationspartnern aus den Bereichen Zivilgesellschaft, Einzelhandel und Gastronomie, dass diese sich mit Produkten aus dem fairen Handel an der Kampagne beteiligen.<\/p>\n\n\n\n<p><strong>Bewerbungsunterlagen sind vollst\u00e4ndig<\/strong><\/p>\n\n\n\n<p>Am 01.11.2017 trafen die letzten Nachweise der Kooperationspartner im Rathaus ein. Die Unterlagen f\u00fcr die Beantragung der Zertifizierung zur \u201eFairtrade-Town\u201c werden jetzt aufbereitet und in den n\u00e4chsten Tagen an die Zertifizierungsstelle versandt. Interessierte Unternehmen und Personen, welche die Steuerungsgruppe zuk\u00fcnftig bei ihrer Arbeit unterst\u00fctzen m\u00f6chten, melden sich gerne bei der Sprecherin der Steuerungsgruppe Frau Gundula Meyer: <a href=\"&#109;&#x61;&#105;&#x6c;t&#x6f;:&#105;&#x6e;&#102;&#x6f;&#64;&#x62;u&#101;&#x72;&#103;&#x65;r&#x76;e&#114;&#x65;&#105;&#x6e;-&#x61;d&#101;&#x6e;&#100;&#x6f;r&#x66;&#46;&#100;&#x65;\">&#105;&#x6e;&#x66;o&#64;&#x62;u&#101;&#x72;&#x67;e&#114;&#x76;e&#114;&#x65;&#x69;n&#45;&#x61;d&#101;&#x6e;&#x64;&#111;&#114;&#x66;&#46;&#100;&#x65;<\/a><\/p>\n\n\n\n<p><strong>Adendorf hat&#8217;s: Aufnahme als Fairtrade Town<\/strong><br>Auf Initiative der 1. Vorsitzenden des B\u00fcrgervereins Adendorf e.V. hat der Rat der Gemeinde Adendorf im August 2017 einstimmig beschlossen, sich um den Titel \u201eFair Trade Town\u201c zu bewerben. Fairtrade-Towns f\u00f6rdern gezielt den fairen Handel auf kommunaler Ebene. Zu diesem Zweck hat sich eine Steuerungsgruppe, bestehend aus Vertretern aus Politik, Gemeindeverwaltung, B\u00fcrgerverein, Einzelhandel und Kirche zusammengetan, um die aktuellen Aktivit\u00e4ten zum Fairen Handel zusammenzutragen. Am 7. M\u00e4rz 2019 erhielt B\u00fcrgermeister Thomas Maack die gute Nachricht, dass alle Kriterien f\u00fcr die Verleihung des Titels erf\u00fcllt sind. Die \u00dcbergabe der Urkunde wird im September feierlich im Rahmen einer Informationsveranstaltung \u00fcber Produkte aus fairem Handel und den Arbeitsbedingungen der Menschen vor Ort in der Bibliothek in Adendorf stattfinden.<\/p>\n","protected":false},"excerpt":{"rendered":"<p>B\u00fcrgerverein regt Zertifizierung als Fairtrade-Kommune an Die Vorsitzende des B\u00fcrgervereins Adendorf, Frau Gundula Meyer, regte auf der gestrigen Ratssitzung am 25. August 2017 an, dass der Gemeinderat einen Beschluss dar\u00fcber fassen m\u00f6ge, dass Adendorf sich um die Auszeichnung \u201eFairtrade-Town\u201c bewerbe. B\u00fcrgermeister Thomas Maack sicherte zu, dass die Verwaltung die Voraussetzungen [&hellip;]<\/p>\n","protected":false},"author":1,"featured_media":0,"comment_status":"closed","ping_status":"open","sticky":false,"template":"","format":"standard","meta":{"footnotes":""},"categories":[80],"tags":[],"class_list":["post-7800","post","type-post","status-publish","format-standard","hentry","category-sonstige-klimaschutzmassnahmen"],"publishpress_future_action":{"enabled":false,"date":"2026-05-09 13:09:34","action":"change-status","newStatus":"draft","terms":[],"taxonomy":"category","extraData":[]},"publishpress_future_workflow_manual_trigger":{"enabledWorkflows":[]},"rttpg_featured_image_url":null,"rttpg_author":{"display_name":"Adendorf","author_link":"https:\/\/www.adendorf.de\/1\/author\/marco-brede\/"},"rttpg_comment":0,"rttpg_category":"<a href=\"https:\/\/www.adendorf.de\/1\/category\/klimaschutz\/sonstige-klimaschutzmassnahmen\/\" rel=\"category tag\">Sonstige Klimaschutzma\u00dfnahmen<\/a>","rttpg_excerpt":"B\u00fcrgerverein regt Zertifizierung als Fairtrade-Kommune an Die Vorsitzende des B\u00fcrgervereins Adendorf, Frau Gundula Meyer, regte auf der gestrigen Ratssitzung am 25. August 2017 an, dass der Gemeinderat einen Beschluss dar\u00fcber fassen m\u00f6ge, dass Adendorf sich um die Auszeichnung \u201eFairtrade-Town\u201c bewerbe. B\u00fcrgermeister Thomas Maack sicherte zu, dass die Verwaltung die Voraussetzungen [&hellip;]","_links":{"self":[{"href":"https:\/\/www.adendorf.de\/1\/wp-json\/wp\/v2\/posts\/7800","targetHints":{"allow":["GET"]}}],"collection":[{"href":"https:\/\/www.adendorf.de\/1\/wp-json\/wp\/v2\/posts"}],"about":[{"href":"https:\/\/www.adendorf.de\/1\/wp-json\/wp\/v2\/types\/post"}],"author":[{"embeddable":true,"href":"https:\/\/www.adendorf.de\/1\/wp-json\/wp\/v2\/users\/1"}],"replies":[{"embeddable":true,"href":"https:\/\/www.adendorf.de\/1\/wp-json\/wp\/v2\/comments?post=7800"}],"version-history":[{"count":1,"href":"https:\/\/www.adendorf.de\/1\/wp-json\/wp\/v2\/posts\/7800\/revisions"}],"predecessor-version":[{"id":7801,"href":"https:\/\/www.adendorf.de\/1\/wp-json\/wp\/v2\/posts\/7800\/revisions\/7801"}],"wp:attachment":[{"href":"https:\/\/www.adendorf.de\/1\/wp-json\/wp\/v2\/media?parent=7800"}],"wp:term":[{"taxonomy":"category","embeddable":true,"href":"https:\/\/www.adendorf.de\/1\/wp-json\/wp\/v2\/categories?post=7800"},{"taxonomy":"post_tag","embeddable":true,"href":"https:\/\/www.adendorf.de\/1\/wp-json\/wp\/v2\/tags?post=7800"}],"curies":[{"name":"wp","href":"https:\/\/api.w.org\/{rel}","templated":true}]}}