{"id":7901,"date":"2025-03-06T08:53:42","date_gmt":"2025-03-06T07:53:42","guid":{"rendered":"https:\/\/www.adendorf.de\/1\/?p=7901"},"modified":"2025-11-10T10:01:53","modified_gmt":"2025-11-10T09:01:53","slug":"austausch-der-innenbeleuchtung-im-eisstadion-adendorf","status":"publish","type":"post","link":"https:\/\/www.adendorf.de\/1\/2025\/03\/06\/austausch-der-innenbeleuchtung-im-eisstadion-adendorf\/","title":{"rendered":"Austausch der Innenbeleuchtung im Eisstadion Adendorf"},"content":{"rendered":"\t\t<div data-elementor-type=\"wp-post\" data-elementor-id=\"7901\" class=\"elementor elementor-7901\">\n\t\t\t\t\t\t<section class=\"elementor-section elementor-top-section elementor-element elementor-element-5315926 elementor-section-boxed elementor-section-height-default elementor-section-height-default\" data-id=\"5315926\" data-element_type=\"section\" data-e-type=\"section\">\n\t\t\t\t\t\t<div class=\"elementor-container elementor-column-gap-default\">\n\t\t\t\t\t<div class=\"elementor-column elementor-col-100 elementor-top-column elementor-element elementor-element-f41078b\" data-id=\"f41078b\" data-element_type=\"column\" data-e-type=\"column\">\n\t\t\t<div class=\"elementor-widget-wrap elementor-element-populated\">\n\t\t\t\t\t\t<div class=\"elementor-element elementor-element-2530d7d elementor-widget elementor-widget-html\" data-id=\"2530d7d\" data-element_type=\"widget\" data-e-type=\"widget\" data-widget_type=\"html.default\">\n\t\t\t\t<div class=\"elementor-widget-container\">\n\t\t\t\t\t<table>\n<tbody>\n<tr>\n<td style=\"vertical-align: top;\">\n<p>Titel:<\/p>\n<\/td>\n<td style=\"vertical-align: top;\">\n<p>KSI: Austausch der Innenbeleuchtung im Eisstadion Adendorf<\/p>\n<\/td>\n<\/tr>\n\n<tr>\n<td style=\"vertical-align: top;\">\n<p>Laufzeit<\/p>\n<\/td>\n<td style=\"vertical-align: top;\">\n<p>01.05.2024 - 31.12.2025<\/p>\n<\/td>\n<\/tr>\n<tr>\n<td style=\"vertical-align: top;\">\n<p>Beteiligte Partner:<\/p>\n<\/td>\n<td style=\"vertical-align: top;\">\n<p>Gemeinde Adendorf<br>Bundesministerium f\u00fcr Wirtschaft und Klimaschutz (F\u00f6rdermittelgeber)<\/p>\n<\/td>\n<\/tr>\n\n<tr>\n<td style=\"vertical-align: top;\">\n<p>F\u00f6rderkennzeichen:<\/p>\n<\/td>\n<td style=\"vertical-align: top;\">\n67K30002\n<\/td>\n<\/tr>\n<tr>\n    <td>Ziele und Inhalt:<\/td>\n    <td>Durch den Austausch der Innenbeleuchtung im Eisstadion Adendorf werden energetische Belange ber\u00fccksichtigt und die Stromkosten erheblich gesenkt.<\/td>\n<\/tr>\n<tr>\n    <td>Weitere Informationen<\/td>\n    <td><a href=\"https:\/\/www.klimaschutz.de\/kommunalrichtlinie\" target=\"_blank\">www.klimaschutz.de\/kommunalrichtlinie<\/a><\/td>\n<\/tr>\n\n<\/tbody>\n<\/table>\t\t\t\t<\/div>\n\t\t\t\t<\/div>\n\t\t\t\t<div class=\"elementor-element elementor-element-0f23f9e elementor-widget elementor-widget-image\" data-id=\"0f23f9e\" data-element_type=\"widget\" data-e-type=\"widget\" data-widget_type=\"image.default\">\n\t\t\t\t<div class=\"elementor-widget-container\">\n\t\t\t\t\t\t\t\t\t\t\t\t\t\t\t<img fetchpriority=\"high\" decoding=\"async\" width=\"750\" height=\"313\" src=\"https:&#47;&#x2f;&#119;&#x77;w&#x2e;a&#100;&#x65;&#110;&#x64;o&#x72;f&#46;&#x64;&#101;&#x2f;1&#x2f;w&#112;&#x2d;&#99;&#x6f;n&#x74;e&#110;&#x74;&#47;&#x75;p&#x6c;o&#97;&#x64;&#115;&#x2f;2&#x30;2&#53;&#x2f;&#48;&#x33;\/&#x42;M&#85;&#x4b;&#78;&#x5f;N&#x4b;I&#95;&#x67;&#101;&#x66;o&#x65;r&#100;&#x65;&#114;&#x74;_&#x47;R&#66;&#x5f;&#68;&#x45;&#95;&#x32;0&#50;&#x35;&#95;&#x71;&#117;&#x65;r&#64;&#x34;&#120;&#x2d;&#49;&#x30;0&#x2d;&#x37;&#54;&#x38;&#120;&#x33;2&#x31;&#x2e;&#106;&#x70;&#103;\" class=\"attachment-medium_large size-medium_large wp-image-8670\" alt=\"\" srcset=\"https:&#x2f;&#47;w&#x77;&#119;&#46;&#x61;&#100;e&#x6e;&#100;o&#x72;&#102;&#46;&#x64;&#101;\/&#x31;&#47;w&#x70;&#45;c&#x6f;&#110;t&#x65;&#110;t&#x2f;&#117;p&#x6c;&#111;a&#x64;&#115;\/&#x32;&#48;2&#x35;&#47;0&#x33;&#47;B&#x4d;&#85;K&#x4e;&#95;N&#x4b;&#73;_&#x67;&#101;f&#x6f;&#101;r&#x64;&#101;r&#x74;&#x5f;G&#x52;&#x42;_&#x44;&#x45;&#95;&#x32;&#x30;&#50;&#x35;&#x5f;&#113;&#x75;&#x65;&#114;&#x40;&#x34;&#120;&#x2d;&#x31;&#48;&#x30;&#x2d;&#55;&#x36;&#x38;&#120;&#x33;&#x32;&#49;&#x2e;&#x6a;&#112;g 768w, https:&#x2f;&#47;&#x77;&#x77;w&#x2e;&#97;d&#x65;&#110;d&#x6f;&#114;&#x66;&#x2e;d&#x65;&#47;1&#x2f;&#119;p&#x2d;&#99;&#x6f;&#x6e;&#116;&#x65;&#x6e;t&#x2f;&#117;p&#x6c;&#111;a&#x64;&#115;&#x2f;&#x32;0&#x32;&#53;\/&#x30;&#51;\/&#x42;&#77;&#x55;&#x4b;&#78;&#x5f;&#x4e;K&#x49;&#95;g&#x65;&#102;o&#x65;&#114;&#x64;&#x65;r&#x74;&#95;G&#x52;&#66;_&#x44;&#69;&#x5f;&#x32;&#48;&#x32;&#x35;_&#x71;&#117;e&#x72;&#64;4&#x78;&#45;&#x31;&#x30;0&#x2d;&#51;0&#x30;&#120;1&#x32;&#53;&#x2e;&#x6a;&#112;&#x67; 300w, https:&#47;\/&#x77;w&#x77;&#46;&#x61;&#100;&#x65;&#110;d&#x6f;r&#x66;&#46;&#x64;&#101;&#x2f;&#49;&#x2f;&#119;p&#x2d;c&#x6f;&#110;&#x74;&#101;&#x6e;&#116;\/&#x75;p&#x6c;&#111;&#x61;&#100;&#x73;&#47;&#x32;&#48;2&#x35;\/&#x30;&#51;&#x2f;&#66;&#x4d;&#85;K&#x4e;_&#x4e;&#75;&#x49;&#95;&#x67;&#101;&#x66;&#111;e&#x72;d&#x65;&#114;&#x74;&#95;&#x47;&#82;B&#x5f;D&#x45;&#95;&#x32;&#48;&#x32;&#53;&#x5f;&#113;u&#x65;r&#x40;&#52;&#x78;&#45;&#x31;&#48;0&#x2d;1&#x30;&#50;&#x34;&#120;&#x34;&#50;&#x37;&#46;j&#x70;g 1024w, https:\/&#47;&#119;&#x77;&#x77;&#x2e;ad&#101;&#110;&#x64;&#x6f;&#x72;f&#46;&#100;&#101;&#x2f;&#x31;&#x2f;w&#112;&#45;&#x63;&#x6f;&#x6e;te&#110;&#116;&#x2f;&#x75;&#x70;l&#111;&#97;&#100;&#x73;&#x2f;&#x32;0&#50;&#53;&#x2f;&#x30;&#x33;\/B&#77;&#85;&#x4b;&#x4e;&#x5f;N&#75;&#73;&#95;&#x67;&#x65;&#x66;o&#101;&#114;&#x64;&#x65;&#x72;t_&#71;&#82;&#x42;&#x5f;&#x44;E&#95;&#50;&#48;&#x32;&#x35;&#x5f;q&#117;&#101;&#x72;&#x40;&#x34;x-&#49;&#48;&#x30;&#x2d;&#x31;5&#51;&#54;&#120;&#x36;&#x34;&#x31;&#46;&#106;&#112;&#x67; 1536w, https:&#x2f;&#x2f;&#119;&#119;w&#x2e;&#x61;&#x64;&#101;nd&#x6f;&#x72;&#102;&#46;d&#x65;&#x2f;&#x31;&#47;wp&#x2d;&#x63;&#111;&#110;t&#x65;&#x6e;&#x74;&#47;up&#x6c;&#x6f;&#97;&#100;s&#x2f;&#x32;&#x30;&#50;&#53;\/&#x30;&#x33;&#47;&#66;M&#x55;&#x4b;&#x4e;&#95;&#78;K&#x49;&#x5f;&#x67;&#101;fo&#x65;&#x72;&#100;&#101;r&#x74;&#x5f;&#x47;&#82;B_&#x44;&#x45;&#95;&#50;0&#x32;&#x35;&#x5f;&#113;ue&#x72;&#x40;&#52;&#120;-&#x31;&#x30;&#x30;&#46;&#106;p&#x67; 1689w\" sizes=\"(max-width: 750px) 100vw, 750px\" \/>\t\t\t\t\t\t\t\t\t\t\t\t\t\t\t<\/div>\n\t\t\t\t<\/div>\n\t\t\t\t\t<\/div>\n\t\t<\/div>\n\t\t\t\t\t<\/div>\n\t\t<\/section>\n\t\t\t\t<\/div>\n\t\t","protected":false},"excerpt":{"rendered":"<p>Titel: KSI: Austausch der Innenbeleuchtung im Eisstadion Adendorf Laufzeit 01.05.2024 &#8211; 31.12.2025 Beteiligte Partner: Gemeinde AdendorfBundesministerium f\u00fcr Wirtschaft und Klimaschutz (F\u00f6rdermittelgeber) F\u00f6rderkennzeichen: 67K30002 Ziele und Inhalt: Durch den Austausch der Innenbeleuchtung im Eisstadion Adendorf werden energetische Belange ber\u00fccksichtigt und die Stromkosten erheblich gesenkt. Weitere Informationen www.klimaschutz.de\/kommunalrichtlinie<\/p>\n","protected":false},"author":1,"featured_media":0,"comment_status":"closed","ping_status":"closed","sticky":false,"template":"elementor_header_footer","format":"standard","meta":{"footnotes":""},"categories":[79],"tags":[],"class_list":["post-7901","post","type-post","status-publish","format-standard","hentry","category-nationale-klimaschutzinitiative"],"yoast_head":"<!-- This site is optimized with the Yoast SEO plugin v28.2 - https:\/\/yoast.com\/product\/yoast-seo-wordpress\/ -->\n<title>Austausch der Innenbeleuchtung im Eisstadion Adendorf &#8211; Gemeinde Adendorf<\/title>\n<meta name=\"robots\" content=\"index, follow, max-snippet:-1, max-image-preview:large, max-video-preview:-1\" \/>\n<link rel=\"canonical\" href=\"https:\/\/www.adendorf.de\/1\/2025\/03\/06\/austausch-der-innenbeleuchtung-im-eisstadion-adendorf\/\" \/>\n<meta name=\"twitter:label1\" content=\"Verfasst von\" \/>\n\t<meta name=\"twitter:data1\" content=\"Adendorf\" \/>\n<script type=\"application\/ld+json\" class=\"yoast-schema-graph\">{\"@context\":\"https:\\\/\\\/schema.org\",\"@graph\":[{\"@type\":\"Article\",\"@id\":\"https:\\\/\\\/www.adendorf.de\\\/1\\\/2025\\\/03\\\/06\\\/austausch-der-innenbeleuchtung-im-eisstadion-adendorf\\\/#article\",\"isPartOf\":{\"@id\":\"https:\\\/\\\/www.adendorf.de\\\/1\\\/2025\\\/03\\\/06\\\/austausch-der-innenbeleuchtung-im-eisstadion-adendorf\\\/\"},\"author\":{\"name\":\"Adendorf\",\"@id\":\"https:\\\/\\\/www.adendorf.de\\\/1\\\/#\\\/schema\\\/person\\\/b87ea423229b4b93abdde10cf4c98b48\"},\"headline\":\"Austausch der Innenbeleuchtung im Eisstadion Adendorf\",\"datePublished\":\"2025-03-06T07:53:42+00:00\",\"dateModified\":\"2025-11-10T09:01:53+00:00\",\"mainEntityOfPage\":{\"@id\":\"https:\\\/\\\/www.adendorf.de\\\/1\\\/2025\\\/03\\\/06\\\/austausch-der-innenbeleuchtung-im-eisstadion-adendorf\\\/\"},\"wordCount\":57,\"image\":{\"@id\":\"https:\\\/\\\/www.adendorf.de\\\/1\\\/2025\\\/03\\\/06\\\/austausch-der-innenbeleuchtung-im-eisstadion-adendorf\\\/#primaryimage\"},\"thumbnailUrl\":\"https:\\\/\\\/www.adendorf.de\\\/1\\\/wp-content\\\/uploads\\\/2025\\\/03\\\/BMUKN_NKI_gefoerdert_GRB_DE_2025_quer@4x-100-768x321.jpg\",\"articleSection\":[\"Nationale Klimaschutzinitiative\"],\"inLanguage\":\"de\"},{\"@type\":\"WebPage\",\"@id\":\"https:\\\/\\\/www.adendorf.de\\\/1\\\/2025\\\/03\\\/06\\\/austausch-der-innenbeleuchtung-im-eisstadion-adendorf\\\/\",\"url\":\"https:\\\/\\\/www.adendorf.de\\\/1\\\/2025\\\/03\\\/06\\\/austausch-der-innenbeleuchtung-im-eisstadion-adendorf\\\/\",\"name\":\"Austausch der Innenbeleuchtung im Eisstadion Adendorf &#8211; Gemeinde Adendorf\",\"isPartOf\":{\"@id\":\"https:\\\/\\\/www.adendorf.de\\\/1\\\/#website\"},\"primaryImageOfPage\":{\"@id\":\"https:\\\/\\\/www.adendorf.de\\\/1\\\/2025\\\/03\\\/06\\\/austausch-der-innenbeleuchtung-im-eisstadion-adendorf\\\/#primaryimage\"},\"image\":{\"@id\":\"https:\\\/\\\/www.adendorf.de\\\/1\\\/2025\\\/03\\\/06\\\/austausch-der-innenbeleuchtung-im-eisstadion-adendorf\\\/#primaryimage\"},\"thumbnailUrl\":\"https:\\\/\\\/www.adendorf.de\\\/1\\\/wp-content\\\/uploads\\\/2025\\\/03\\\/BMUKN_NKI_gefoerdert_GRB_DE_2025_quer@4x-100-768x321.jpg\",\"datePublished\":\"2025-03-06T07:53:42+00:00\",\"dateModified\":\"2025-11-10T09:01:53+00:00\",\"author\":{\"@id\":\"https:\\\/\\\/www.adendorf.de\\\/1\\\/#\\\/schema\\\/person\\\/b87ea423229b4b93abdde10cf4c98b48\"},\"breadcrumb\":{\"@id\":\"https:\\\/\\\/www.adendorf.de\\\/1\\\/2025\\\/03\\\/06\\\/austausch-der-innenbeleuchtung-im-eisstadion-adendorf\\\/#breadcrumb\"},\"inLanguage\":\"de\",\"potentialAction\":[{\"@type\":\"ReadAction\",\"target\":[\"https:\\\/\\\/www.adendorf.de\\\/1\\\/2025\\\/03\\\/06\\\/austausch-der-innenbeleuchtung-im-eisstadion-adendorf\\\/\"]}]},{\"@type\":\"ImageObject\",\"inLanguage\":\"de\",\"@id\":\"https:\\\/\\\/www.adendorf.de\\\/1\\\/2025\\\/03\\\/06\\\/austausch-der-innenbeleuchtung-im-eisstadion-adendorf\\\/#primaryimage\",\"url\":\"https:\\\/\\\/www.adendorf.de\\\/1\\\/wp-content\\\/uploads\\\/2025\\\/03\\\/BMUKN_NKI_gefoerdert_GRB_DE_2025_quer@4x-100.jpg\",\"contentUrl\":\"https:\\\/\\\/www.adendorf.de\\\/1\\\/wp-content\\\/uploads\\\/2025\\\/03\\\/BMUKN_NKI_gefoerdert_GRB_DE_2025_quer@4x-100.jpg\",\"width\":1689,\"height\":705},{\"@type\":\"BreadcrumbList\",\"@id\":\"https:\\\/\\\/www.adendorf.de\\\/1\\\/2025\\\/03\\\/06\\\/austausch-der-innenbeleuchtung-im-eisstadion-adendorf\\\/#breadcrumb\",\"itemListElement\":[{\"@type\":\"ListItem\",\"position\":1,\"name\":\"Startseite\",\"item\":\"https:\\\/\\\/www.adendorf.de\\\/1\\\/\"},{\"@type\":\"ListItem\",\"position\":2,\"name\":\"Austausch der Innenbeleuchtung im Eisstadion Adendorf\"}]},{\"@type\":\"WebSite\",\"@id\":\"https:\\\/\\\/www.adendorf.de\\\/1\\\/#website\",\"url\":\"https:\\\/\\\/www.adendorf.de\\\/1\\\/\",\"name\":\"Gemeinde Adendorf\",\"description\":\"\",\"potentialAction\":[{\"@type\":\"SearchAction\",\"target\":{\"@type\":\"EntryPoint\",\"urlTemplate\":\"https:\\\/\\\/www.adendorf.de\\\/1\\\/?s={search_term_string}\"},\"query-input\":{\"@type\":\"PropertyValueSpecification\",\"valueRequired\":true,\"valueName\":\"search_term_string\"}}],\"inLanguage\":\"de\"},{\"@type\":\"Person\",\"@id\":\"https:\\\/\\\/www.adendorf.de\\\/1\\\/#\\\/schema\\\/person\\\/b87ea423229b4b93abdde10cf4c98b48\",\"name\":\"Adendorf\",\"image\":{\"@type\":\"ImageObject\",\"inLanguage\":\"de\",\"@id\":\"https:\\\/\\\/secure.gravatar.com\\\/avatar\\\/26f605dd3dc8d15d131cfbefdbca63a110180b07fe5fcd4bc0bf983836261b69?s=96&d=mm&r=g\",\"url\":\"https:\\\/\\\/secure.gravatar.com\\\/avatar\\\/26f605dd3dc8d15d131cfbefdbca63a110180b07fe5fcd4bc0bf983836261b69?s=96&d=mm&r=g\",\"contentUrl\":\"https:\\\/\\\/secure.gravatar.com\\\/avatar\\\/26f605dd3dc8d15d131cfbefdbca63a110180b07fe5fcd4bc0bf983836261b69?s=96&d=mm&r=g\",\"caption\":\"Adendorf\"}}]}<\/script>\n<!-- \/ Yoast SEO plugin. -->","yoast_head_json":{"title":"Austausch der Innenbeleuchtung im Eisstadion Adendorf &#8211; Gemeinde Adendorf","robots":{"index":"index","follow":"follow","max-snippet":"max-snippet:-1","max-image-preview":"max-image-preview:large","max-video-preview":"max-video-preview:-1"},"canonical":"https:\/\/www.adendorf.de\/1\/2025\/03\/06\/austausch-der-innenbeleuchtung-im-eisstadion-adendorf\/","twitter_misc":{"Verfasst von":"Adendorf"},"schema":{"@context":"https:\/\/schema.org","@graph":[{"@type":"Article","@id":"https:\/\/www.adendorf.de\/1\/2025\/03\/06\/austausch-der-innenbeleuchtung-im-eisstadion-adendorf\/#article","isPartOf":{"@id":"https:\/\/www.adendorf.de\/1\/2025\/03\/06\/austausch-der-innenbeleuchtung-im-eisstadion-adendorf\/"},"author":{"name":"Adendorf","@id":"https:\/\/www.adendorf.de\/1\/#\/schema\/person\/b87ea423229b4b93abdde10cf4c98b48"},"headline":"Austausch der Innenbeleuchtung im Eisstadion Adendorf","datePublished":"2025-03-06T07:53:42+00:00","dateModified":"2025-11-10T09:01:53+00:00","mainEntityOfPage":{"@id":"https:\/\/www.adendorf.de\/1\/2025\/03\/06\/austausch-der-innenbeleuchtung-im-eisstadion-adendorf\/"},"wordCount":57,"image":{"@id":"https:\/\/www.adendorf.de\/1\/2025\/03\/06\/austausch-der-innenbeleuchtung-im-eisstadion-adendorf\/#primaryimage"},"thumbnailUrl":"https:\/\/www.adendorf.de\/1\/wp-content\/uploads\/2025\/03\/BMUKN_NKI_gefoerdert_GRB_DE_2025_quer@4x-100-768x321.jpg","articleSection":["Nationale Klimaschutzinitiative"],"inLanguage":"de"},{"@type":"WebPage","@id":"https:\/\/www.adendorf.de\/1\/2025\/03\/06\/austausch-der-innenbeleuchtung-im-eisstadion-adendorf\/","url":"https:\/\/www.adendorf.de\/1\/2025\/03\/06\/austausch-der-innenbeleuchtung-im-eisstadion-adendorf\/","name":"Austausch der Innenbeleuchtung im Eisstadion Adendorf &#8211; Gemeinde Adendorf","isPartOf":{"@id":"https:\/\/www.adendorf.de\/1\/#website"},"primaryImageOfPage":{"@id":"https:\/\/www.adendorf.de\/1\/2025\/03\/06\/austausch-der-innenbeleuchtung-im-eisstadion-adendorf\/#primaryimage"},"image":{"@id":"https:\/\/www.adendorf.de\/1\/2025\/03\/06\/austausch-der-innenbeleuchtung-im-eisstadion-adendorf\/#primaryimage"},"thumbnailUrl":"https:\/\/www.adendorf.de\/1\/wp-content\/uploads\/2025\/03\/BMUKN_NKI_gefoerdert_GRB_DE_2025_quer@4x-100-768x321.jpg","datePublished":"2025-03-06T07:53:42+00:00","dateModified":"2025-11-10T09:01:53+00:00","author":{"@id":"https:\/\/www.adendorf.de\/1\/#\/schema\/person\/b87ea423229b4b93abdde10cf4c98b48"},"breadcrumb":{"@id":"https:\/\/www.adendorf.de\/1\/2025\/03\/06\/austausch-der-innenbeleuchtung-im-eisstadion-adendorf\/#breadcrumb"},"inLanguage":"de","potentialAction":[{"@type":"ReadAction","target":["https:\/\/www.adendorf.de\/1\/2025\/03\/06\/austausch-der-innenbeleuchtung-im-eisstadion-adendorf\/"]}]},{"@type":"ImageObject","inLanguage":"de","@id":"https:\/\/www.adendorf.de\/1\/2025\/03\/06\/austausch-der-innenbeleuchtung-im-eisstadion-adendorf\/#primaryimage","url":"https:\/\/www.adendorf.de\/1\/wp-content\/uploads\/2025\/03\/BMUKN_NKI_gefoerdert_GRB_DE_2025_quer@4x-100.jpg","contentUrl":"https:\/\/www.adendorf.de\/1\/wp-content\/uploads\/2025\/03\/BMUKN_NKI_gefoerdert_GRB_DE_2025_quer@4x-100.jpg","width":1689,"height":705},{"@type":"BreadcrumbList","@id":"https:\/\/www.adendorf.de\/1\/2025\/03\/06\/austausch-der-innenbeleuchtung-im-eisstadion-adendorf\/#breadcrumb","itemListElement":[{"@type":"ListItem","position":1,"name":"Startseite","item":"https:\/\/www.adendorf.de\/1\/"},{"@type":"ListItem","position":2,"name":"Austausch der Innenbeleuchtung im Eisstadion Adendorf"}]},{"@type":"WebSite","@id":"https:\/\/www.adendorf.de\/1\/#website","url":"https:\/\/www.adendorf.de\/1\/","name":"Gemeinde Adendorf","description":"","potentialAction":[{"@type":"SearchAction","target":{"@type":"EntryPoint","urlTemplate":"https:\/\/www.adendorf.de\/1\/?s={search_term_string}"},"query-input":{"@type":"PropertyValueSpecification","valueRequired":true,"valueName":"search_term_string"}}],"inLanguage":"de"},{"@type":"Person","@id":"https:\/\/www.adendorf.de\/1\/#\/schema\/person\/b87ea423229b4b93abdde10cf4c98b48","name":"Adendorf","image":{"@type":"ImageObject","inLanguage":"de","@id":"https:\/\/secure.gravatar.com\/avatar\/26f605dd3dc8d15d131cfbefdbca63a110180b07fe5fcd4bc0bf983836261b69?s=96&d=mm&r=g","url":"https:\/\/secure.gravatar.com\/avatar\/26f605dd3dc8d15d131cfbefdbca63a110180b07fe5fcd4bc0bf983836261b69?s=96&d=mm&r=g","contentUrl":"https:\/\/secure.gravatar.com\/avatar\/26f605dd3dc8d15d131cfbefdbca63a110180b07fe5fcd4bc0bf983836261b69?s=96&d=mm&r=g","caption":"Adendorf"}}]}},"publishpress_future_action":{"enabled":false,"date":"2026-09-08 09:08:23","action":"change-status","newStatus":"draft","terms":[],"taxonomy":"category","extraData":[]},"publishpress_future_workflow_manual_trigger":{"enabledWorkflows":[]},"rttpg_featured_image_url":null,"rttpg_author":{"display_name":"Adendorf","author_link":"https:\/\/www.adendorf.de\/1\/author\/marco-brede\/"},"rttpg_comment":0,"rttpg_category":"<a href=\"https:\/\/www.adendorf.de\/1\/category\/klimaschutz\/nationale-klimaschutzinitiative\/\" rel=\"category tag\">Nationale Klimaschutzinitiative<\/a>","rttpg_excerpt":"Titel: KSI: Austausch der Innenbeleuchtung im Eisstadion Adendorf Laufzeit 01.05.2024 &#8211; 31.12.2025 Beteiligte Partner: Gemeinde AdendorfBundesministerium f\u00fcr Wirtschaft und Klimaschutz (F\u00f6rdermittelgeber) F\u00f6rderkennzeichen: 67K30002 Ziele und Inhalt: Durch den Austausch der Innenbeleuchtung im Eisstadion Adendorf werden energetische Belange ber\u00fccksichtigt und die Stromkosten erheblich gesenkt. Weitere Informationen www.klimaschutz.de\/kommunalrichtlinie","_links":{"self":[{"href":"https:\/\/www.adendorf.de\/1\/wp-json\/wp\/v2\/posts\/7901","targetHints":{"allow":["GET"]}}],"collection":[{"href":"https:\/\/www.adendorf.de\/1\/wp-json\/wp\/v2\/posts"}],"about":[{"href":"https:\/\/www.adendorf.de\/1\/wp-json\/wp\/v2\/types\/post"}],"author":[{"embeddable":true,"href":"https:\/\/www.adendorf.de\/1\/wp-json\/wp\/v2\/users\/1"}],"replies":[{"embeddable":true,"href":"https:\/\/www.adendorf.de\/1\/wp-json\/wp\/v2\/comments?post=7901"}],"version-history":[{"count":0,"href":"https:\/\/www.adendorf.de\/1\/wp-json\/wp\/v2\/posts\/7901\/revisions"}],"wp:attachment":[{"href":"https:\/\/www.adendorf.de\/1\/wp-json\/wp\/v2\/media?parent=7901"}],"wp:term":[{"taxonomy":"category","embeddable":true,"href":"https:\/\/www.adendorf.de\/1\/wp-json\/wp\/v2\/categories?post=7901"},{"taxonomy":"post_tag","embeddable":true,"href":"https:\/\/www.adendorf.de\/1\/wp-json\/wp\/v2\/tags?post=7901"}],"curies":[{"name":"wp","href":"https:\/\/api.w.org\/{rel}","templated":true}]}}