{"id":8379,"date":"2025-07-15T10:57:39","date_gmt":"2025-07-15T08:57:39","guid":{"rendered":"https:\/\/www.adendorf.de\/1\/?p=8379"},"modified":"2025-07-15T11:02:31","modified_gmt":"2025-07-15T09:02:31","slug":"sanierung-des-adolph-holm-kindergartens","status":"publish","type":"post","link":"https:\/\/www.adendorf.de\/1\/2025\/07\/15\/sanierung-des-adolph-holm-kindergartens\/","title":{"rendered":"Sanierung des Adolph-Holm-Kindergartens"},"content":{"rendered":"\n<p>Der aktuelle Zustand des Adolph-Holm-Kindergartens zeigt deutliche M\u00e4ngel in Bezug auf die energetische Effizienz. Diese M\u00e4ngel beeintr\u00e4chtigen nicht nur die Umweltbilanz der Einrichtung, sondern auch die Betriebskosten und den Komfort der Kinder und Mitarbeiter.<\/p>\n\n\n\n<p><strong>Hintergrund und Zielsetzung:<\/strong><br>Der Adolph-Holm-Kindergarten weist erhebliche bauliche und energetische M\u00e4ngel auf, die eine umfassende Sanierung erforderlich machen. Ziel des Projekts ist es, das Geb\u00e4ude energetisch zu optimieren, die Heizungsanlage auf erneuerbare Energien umzustellen und die Bausubstanz langfristig zu sichern. Damit soll ein moderner, klimafreundlicher und zukunftssicherer Bildungsort geschaffen werden, der den aktuellen Anforderungen an Energieeffizienz, Nachhaltigkeit und p\u00e4dagogische Nutzung entspricht.<\/p>\n\n\n\n<p><strong>Ma\u00dfnahmen im Rahmen der Sanierung:<\/strong><\/p>\n\n\n\n<ul class=\"wp-block-list\">\n<li><strong>Sanierung des Daches:<\/strong> Das Dach des Kindergartens soll unter Ber\u00fccksichtigung modernster energetischer Standards vollst\u00e4ndig saniert werden. Hierbei wird unter anderem eine hochwirksame W\u00e4rmed\u00e4mmung installiert, um den W\u00e4rmeverlust zu minimieren. Diese Ma\u00dfnahme tr\u00e4gt ma\u00dfgeblich zur Energieeinsparung bei und verringert langfristig die Betriebskosten.<\/li>\n\n\n\n<li><strong>Erneuerung der Fenster und T\u00fcren<\/strong>: Ein weiterer zentraler Bestandteil der Sanierung ist der Austausch der bestehenden Fenster und T\u00fcren. Die neuen Fenster werden eine optimale W\u00e4rmed\u00e4mmung gew\u00e4hrleisten und den Energieverbrauch erheblich senken. Auch die T\u00fcren werden durch energieeffiziente Modelle ersetzt, die den neuesten Sicherheits- und Isolationsanforderungen entsprechen.<\/li>\n\n\n\n<li><strong>Austausch der Heizungsanlage:<\/strong> Die derzeitige Heizungsanlage wird durch ein modernes System ersetzt, das f\u00fcr den Betrieb mit erneuerbaren Energien ausgelegt ist. Dies wird voraussichtilch eine W\u00e4rmepumpe sein. Diese Ma\u00dfnahme wird nicht nur die CO2-Emissionen des Kindergartens deutlich reduzieren, sondern auch die Heizkosten langfristig senken und die Energieautonomie der Einrichtung erh\u00f6hen.<\/li>\n\n\n\n<li><strong>Verbesserung der D\u00e4mmung:<\/strong> Die bestehende W\u00e4rmed\u00e4mmung des Geb\u00e4udes wird einer umfassenden Pr\u00fcfung unterzogen und entsprechend erneuert. Es wird besonderes Augenmerk auf einen optimalen W\u00e4rmeschutz gelegt. Ziel ist es, die thermische H\u00fclle des Geb\u00e4udes so zu optimieren, dass W\u00e4rmeverluste minimiert und das Raumklima verbessert werden.<br><\/li>\n<\/ul>\n\n\n\n<p><strong>Nachhaltigkeit und Energieeffizienz:<\/strong><br>Die Sanierung verbessert die Energieeffizienz durch eine umfassende W\u00e4rmed\u00e4mmung, den Austausch veralteter Fenster und T\u00fcren sowie die Modernisierung der Geb\u00e4udetechnik. Durch den Umstieg auf eine Heizungsanlage auf Basis erneuerbarer Energien werden dauerhaft CO\u2082-Emissionen reduziert und ein nachhaltiger, ressourcenschonender Betrieb sichergestellt.<\/p>\n\n\n\n<p><strong>Positive Auswirkungen:<\/strong><\/p>\n\n\n\n<ul class=\"wp-block-list\">\n<li><strong>Kostensenkung:<\/strong> Durch die energetische Sanierung und den Einsatz erneuerbarer Energien lassen sich die laufenden Betriebskosten des Kindergartens langfristig deutlich senken.<\/li>\n\n\n\n<li><strong>Reduzierung von Treibhausgasemissionen:<\/strong> Durch die Umstellung der Heizungsanlage auf erneuerbare Energien und die energetische Optimierung der Geb\u00e4udeh\u00fclle werden die Treibhausgasemissionen des Kindergartens deutlich reduziert. Insbesondere die Reduzierung fossiler Brennstoffe tr\u00e4gt wesentlich zur Senkung des CO\u2082-Aussto\u00dfes und zur Erreichung der kommunalen Klimaziele bei.<\/li>\n\n\n\n<li><strong>Modernisierung:<\/strong> Die Modernisierung des Adolph-Holm-Kindergartens f\u00fchrt zu einem deutlich verbesserten Raumklima, einer h\u00f6heren Energieeffizienz und geringeren Betriebskosten. Gleichzeitig wird die Aufenthaltsqualit\u00e4t f\u00fcr Kinder und Personal gesteigert, die Umweltbelastung reduziert und ein zukunftsf\u00e4higer, nachhaltiger Bildungsort geschaffen.<\/li>\n<\/ul>\n\n\n\n<p><strong>F\u00f6rderung:<\/strong><br>Das Vorhaben wird durch finanzielle Unterst\u00fctzung der Europ\u00e4ischen Union sowie des Landes Niedersachsens gef\u00f6rdert.<\/p>\n\n\n\n<p>Titel: Sanierung des Adolph-Holm-Kindergartens<\/p>\n\n\n\n<p>Bewilligungszeitraum: 01.07.2025 &#8211; 30.06.2027<\/p>\n\n\n\n<figure class=\"wp-block-image size-large\"><img fetchpriority=\"high\" decoding=\"async\" width=\"1024\" height=\"198\" src=\"https:\/\/www.adendorf.de\/1\/wp-content\/uploads\/2025\/01\/Logo_Kombination_EU_NDS-1024x198.png\" alt=\"\" class=\"wp-image-7620\" srcset=\"https:\/\/www.adendorf.de\/1\/wp-content\/uploads\/2025\/01\/Logo_Kombination_EU_NDS-1024x198.png 1024w, https:\/\/www.adendorf.de\/1\/wp-content\/uploads\/2025\/01\/Logo_Kombination_EU_NDS-300x58.png 300w, https:\/\/www.adendorf.de\/1\/wp-content\/uploads\/2025\/01\/Logo_Kombination_EU_NDS-768x148.png 768w, https:\/\/www.adendorf.de\/1\/wp-content\/uploads\/2025\/01\/Logo_Kombination_EU_NDS-1536x296.png 1536w, https:\/\/www.adendorf.de\/1\/wp-content\/uploads\/2025\/01\/Logo_Kombination_EU_NDS-2048x395.png 2048w\" sizes=\"(max-width: 1024px) 100vw, 1024px\" \/><\/figure>\n\n\n\n<p><strong>Fazit:<\/strong><br>Die Sanierung des Adolph-Holm-Kindergartens ist ein zukunftsweisendes Projekt, das Klimaschutz, Energieeffizienz und soziale Verantwortung miteinander vereint. Sie schafft moderne, nachhaltige Rahmenbedingungen f\u00fcr fr\u00fchkindliche Bildung und leistet einen wichtigen Beitrag zur Reduzierung von Treibhausgasemissionen. Mit der Umsetzung wird nicht nur die bauliche Substanz gesichert, sondern auch ein sichtbares Zeichen f\u00fcr kommunales Engagement im Klimaschutz gesetzt.<\/p>\n","protected":false},"excerpt":{"rendered":"<p>Der aktuelle Zustand des Adolph-Holm-Kindergartens zeigt deutliche M\u00e4ngel in Bezug auf die energetische Effizienz. Diese M\u00e4ngel beeintr\u00e4chtigen nicht nur die Umweltbilanz der Einrichtung, sondern auch die Betriebskosten und den Komfort der Kinder und Mitarbeiter. Hintergrund und Zielsetzung:Der Adolph-Holm-Kindergarten weist erhebliche bauliche und energetische M\u00e4ngel auf, die eine umfassende Sanierung erforderlich [&hellip;]<\/p>\n","protected":false},"author":1,"featured_media":0,"comment_status":"closed","ping_status":"open","sticky":false,"template":"","format":"standard","meta":{"footnotes":""},"categories":[59,80],"tags":[],"class_list":["post-8379","post","type-post","status-publish","format-standard","hentry","category-klimaschutzmassnahmen","category-sonstige-klimaschutzmassnahmen"],"publishpress_future_action":{"enabled":false,"date":"2026-05-06 17:35:13","action":"change-status","newStatus":"draft","terms":[],"taxonomy":"category","extraData":[]},"publishpress_future_workflow_manual_trigger":{"enabledWorkflows":[]},"rttpg_featured_image_url":null,"rttpg_author":{"display_name":"Adendorf","author_link":"https:\/\/www.adendorf.de\/1\/author\/marco-brede\/"},"rttpg_comment":0,"rttpg_category":"<a href=\"https:\/\/www.adendorf.de\/1\/category\/klimaschutzmassnahmen\/\" rel=\"category tag\">Klimaschutzma\u00dfnahmen<\/a> <a href=\"https:\/\/www.adendorf.de\/1\/category\/klimaschutz\/sonstige-klimaschutzmassnahmen\/\" rel=\"category tag\">Sonstige Klimaschutzma\u00dfnahmen<\/a>","rttpg_excerpt":"Der aktuelle Zustand des Adolph-Holm-Kindergartens zeigt deutliche M\u00e4ngel in Bezug auf die energetische Effizienz. Diese M\u00e4ngel beeintr\u00e4chtigen nicht nur die Umweltbilanz der Einrichtung, sondern auch die Betriebskosten und den Komfort der Kinder und Mitarbeiter. Hintergrund und Zielsetzung:Der Adolph-Holm-Kindergarten weist erhebliche bauliche und energetische M\u00e4ngel auf, die eine umfassende Sanierung erforderlich [&hellip;]","_links":{"self":[{"href":"https:\/\/www.adendorf.de\/1\/wp-json\/wp\/v2\/posts\/8379","targetHints":{"allow":["GET"]}}],"collection":[{"href":"https:\/\/www.adendorf.de\/1\/wp-json\/wp\/v2\/posts"}],"about":[{"href":"https:\/\/www.adendorf.de\/1\/wp-json\/wp\/v2\/types\/post"}],"author":[{"embeddable":true,"href":"https:\/\/www.adendorf.de\/1\/wp-json\/wp\/v2\/users\/1"}],"replies":[{"embeddable":true,"href":"https:\/\/www.adendorf.de\/1\/wp-json\/wp\/v2\/comments?post=8379"}],"version-history":[{"count":3,"href":"https:\/\/www.adendorf.de\/1\/wp-json\/wp\/v2\/posts\/8379\/revisions"}],"predecessor-version":[{"id":8382,"href":"https:\/\/www.adendorf.de\/1\/wp-json\/wp\/v2\/posts\/8379\/revisions\/8382"}],"wp:attachment":[{"href":"https:\/\/www.adendorf.de\/1\/wp-json\/wp\/v2\/media?parent=8379"}],"wp:term":[{"taxonomy":"category","embeddable":true,"href":"https:\/\/www.adendorf.de\/1\/wp-json\/wp\/v2\/categories?post=8379"},{"taxonomy":"post_tag","embeddable":true,"href":"https:\/\/www.adendorf.de\/1\/wp-json\/wp\/v2\/tags?post=8379"}],"curies":[{"name":"wp","href":"https:\/\/api.w.org\/{rel}","templated":true}]}}