{"id":8710,"date":"2025-11-17T09:08:16","date_gmt":"2025-11-17T08:08:16","guid":{"rendered":"https:\/\/www.adendorf.de\/1\/?p=8710"},"modified":"2025-11-17T12:03:45","modified_gmt":"2025-11-17T11:03:45","slug":"pressemitteilung-kostenfreie-energieberatung-in-adendorf-2","status":"publish","type":"post","link":"https:\/\/www.adendorf.de\/1\/2025\/11\/17\/pressemitteilung-kostenfreie-energieberatung-in-adendorf-2\/","title":{"rendered":"Pressemitteilung &#8211; Neue B\u00fccherzelle in Erbstorf l\u00e4dt zum Tauschen und St\u00f6bern ein"},"content":{"rendered":"\n<div data-wp-interactive=\"core\/file\" class=\"wp-block-file\"><object data-wp-bind--hidden=\"!state.hasPdfPreview\" hidden class=\"wp-block-file__embed\" data=\"https:\/\/www.adendorf.de\/1\/wp-content\/uploads\/2025\/11\/2025-11-14-Pressemitteilung-Buecherzelle-fuer-Erbstorf.pdf\" type=\"application\/pdf\" style=\"width:100%;height:1000px\" aria-label=\"Einbettung von 2025-11-14 Pressemitteilung - B\u00fccherzelle f\u00fcr Erbstorf.\"><\/object><a id=\"wp-block-file--media-3bdb3dce-12d4-4074-81c3-0f7136949372\" href=\"https:\/\/www.adendorf.de\/1\/wp-content\/uploads\/2025\/11\/2025-11-14-Pressemitteilung-Buecherzelle-fuer-Erbstorf.pdf\">2025-11-14 Pressemitteilung &#8211; B\u00fccherzelle f\u00fcr Erbstorf<\/a><a href=\"https:\/\/www.adendorf.de\/1\/wp-content\/uploads\/2025\/11\/2025-11-14-Pressemitteilung-Buecherzelle-fuer-Erbstorf.pdf\" class=\"wp-block-file__button wp-element-button\" download aria-describedby=\"wp-block-file--media-3bdb3dce-12d4-4074-81c3-0f7136949372\">Herunterladen<\/a><\/div>\n\n\n\n<figure class=\"wp-block-image size-large\"><img fetchpriority=\"high\" decoding=\"async\" width=\"789\" height=\"1024\" src=\"https:\/\/www.adendorf.de\/1\/wp-content\/uploads\/2025\/11\/Buecherzelle-Erbstorf-789x1024.jpg\" alt=\"\" class=\"wp-image-8713\" srcset=\"https:\/\/www.adendorf.de\/1\/wp-content\/uploads\/2025\/11\/Buecherzelle-Erbstorf-789x1024.jpg 789w, https:\/\/www.adendorf.de\/1\/wp-content\/uploads\/2025\/11\/Buecherzelle-Erbstorf-231x300.jpg 231w, https:\/\/www.adendorf.de\/1\/wp-content\/uploads\/2025\/11\/Buecherzelle-Erbstorf-768x997.jpg 768w, https:\/\/www.adendorf.de\/1\/wp-content\/uploads\/2025\/11\/Buecherzelle-Erbstorf-1183x1536.jpg 1183w, https:\/\/www.adendorf.de\/1\/wp-content\/uploads\/2025\/11\/Buecherzelle-Erbstorf-1578x2048.jpg 1578w, https:\/\/www.adendorf.de\/1\/wp-content\/uploads\/2025\/11\/Buecherzelle-Erbstorf-scaled.jpg 1972w\" sizes=\"(max-width: 789px) 100vw, 789px\" \/><\/figure>\n\n\n\n<p><em>Neue B\u00fccherzelle in Erbstorf (v. l.): Thomas Maack (B\u00fcrgermeister), Mayra<br>Zils, Annemarie Schlecht, Petra Kollrich, Tim Conrad (Fachbereichsleiter Personal und<br>Interner Service)<\/em><br><strong>Bildautor:<\/strong> Gemeinde Adendorf &#8211; Maja M\u00fcller<\/p>\n","protected":false},"excerpt":{"rendered":"<p>Neue B\u00fccherzell in Erbstorf &#8211; Klicken Sie hier f\u00fcr weitere Informationen<\/p>\n","protected":false},"author":1,"featured_media":8711,"comment_status":"closed","ping_status":"open","sticky":false,"template":"","format":"standard","meta":{"footnotes":""},"categories":[84],"tags":[],"class_list":["post-8710","post","type-post","status-publish","format-standard","has-post-thumbnail","hentry","category-pressearchiv-2025"],"publishpress_future_action":{"enabled":false,"date":"2026-05-04 18:19:28","action":"change-status","newStatus":"draft","terms":[],"taxonomy":"category","extraData":[]},"publishpress_future_workflow_manual_trigger":{"enabledWorkflows":[]},"rttpg_featured_image_url":{"full":["https:\/\/www.adendorf.de\/1\/wp-content\/uploads\/2025\/11\/Pressemitteilung_Neue_Buecherzelle_in_Erbstorf.jpg",1695,1000,false],"landscape":["https:\/\/www.adendorf.de\/1\/wp-content\/uploads\/2025\/11\/Pressemitteilung_Neue_Buecherzelle_in_Erbstorf.jpg",1695,1000,false],"portraits":["https:\/\/www.adendorf.de\/1\/wp-content\/uploads\/2025\/11\/Pressemitteilung_Neue_Buecherzelle_in_Erbstorf.jpg",1695,1000,false],"thumbnail":["https:\/\/www.adendorf.de\/1\/wp-content\/uploads\/2025\/11\/Pressemitteilung_Neue_Buecherzelle_in_Erbstorf-150x150.jpg",150,150,true],"medium":["https:\/\/www.adendorf.de\/1\/wp-content\/uploads\/2025\/11\/Pressemitteilung_Neue_Buecherzelle_in_Erbstorf-300x177.jpg",300,177,true],"large":["https:\/\/www.adendorf.de\/1\/wp-content\/uploads\/2025\/11\/Pressemitteilung_Neue_Buecherzelle_in_Erbstorf-1024x604.jpg",750,442,true],"1536x1536":["https:\/\/www.adendorf.de\/1\/wp-content\/uploads\/2025\/11\/Pressemitteilung_Neue_Buecherzelle_in_Erbstorf-1536x906.jpg",1536,906,true],"2048x2048":["https:\/\/www.adendorf.de\/1\/wp-content\/uploads\/2025\/11\/Pressemitteilung_Neue_Buecherzelle_in_Erbstorf.jpg",1695,1000,false],"hestia-blog":["https:\/\/www.adendorf.de\/1\/wp-content\/uploads\/2025\/11\/Pressemitteilung_Neue_Buecherzelle_in_Erbstorf-360x240.jpg",360,240,true]},"rttpg_author":{"display_name":"Adendorf","author_link":"https:\/\/www.adendorf.de\/1\/author\/marco-brede\/"},"rttpg_comment":0,"rttpg_category":"<a href=\"https:\/\/www.adendorf.de\/1\/category\/pressearchiv\/pressearchiv-2025\/\" rel=\"category tag\">Pressearchiv 2025<\/a>","rttpg_excerpt":"Neue B\u00fccherzell in Erbstorf - Klicken Sie hier f\u00fcr weitere Informationen","_links":{"self":[{"href":"https:\/\/www.adendorf.de\/1\/wp-json\/wp\/v2\/posts\/8710","targetHints":{"allow":["GET"]}}],"collection":[{"href":"https:\/\/www.adendorf.de\/1\/wp-json\/wp\/v2\/posts"}],"about":[{"href":"https:\/\/www.adendorf.de\/1\/wp-json\/wp\/v2\/types\/post"}],"author":[{"embeddable":true,"href":"https:\/\/www.adendorf.de\/1\/wp-json\/wp\/v2\/users\/1"}],"replies":[{"embeddable":true,"href":"https:\/\/www.adendorf.de\/1\/wp-json\/wp\/v2\/comments?post=8710"}],"version-history":[{"count":3,"href":"https:\/\/www.adendorf.de\/1\/wp-json\/wp\/v2\/posts\/8710\/revisions"}],"predecessor-version":[{"id":8718,"href":"https:\/\/www.adendorf.de\/1\/wp-json\/wp\/v2\/posts\/8710\/revisions\/8718"}],"wp:featuredmedia":[{"embeddable":true,"href":"https:\/\/www.adendorf.de\/1\/wp-json\/wp\/v2\/media\/8711"}],"wp:attachment":[{"href":"https:\/\/www.adendorf.de\/1\/wp-json\/wp\/v2\/media?parent=8710"}],"wp:term":[{"taxonomy":"category","embeddable":true,"href":"https:\/\/www.adendorf.de\/1\/wp-json\/wp\/v2\/categories?post=8710"},{"taxonomy":"post_tag","embeddable":true,"href":"https:\/\/www.adendorf.de\/1\/wp-json\/wp\/v2\/tags?post=8710"}],"curies":[{"name":"wp","href":"https:\/\/api.w.org\/{rel}","templated":true}]}}