{"id":9057,"date":"2026-04-20T09:37:19","date_gmt":"2026-04-20T07:37:19","guid":{"rendered":"https:\/\/www.adendorf.de\/1\/?p=9057"},"modified":"2026-04-20T09:37:23","modified_gmt":"2026-04-20T07:37:23","slug":"optimierung-der-haltestelleninfrastruktur","status":"publish","type":"post","link":"https:\/\/www.adendorf.de\/1\/2026\/04\/20\/optimierung-der-haltestelleninfrastruktur\/","title":{"rendered":"Optimierung der Haltestelleninfrastruktur"},"content":{"rendered":"\n<p>Aktuell werden mit dem \u00d6PNV-F\u00f6rderprogramm des Landes Niedersachen Haltestellen des stra\u00dfengebundenen \u00d6PNV bedarfsgerecht grunderneuert, umgebaut und teilweise verlegt.<\/p>\n\n\n\n<p>Folgende Haltestelle sind hiervon betroffen:<\/p>\n\n\n\n<ul class=\"wp-block-list\">\n<li>Erbstorf Wendeplatz<\/li>\n\n\n\n<li>Erbstorf Feuerwehr<\/li>\n\n\n\n<li>Erbstorf Dorfstra\u00dfe (2x)<\/li>\n\n\n\n<li>Adendorf An der Bahn (2x Neubau)<\/li>\n\n\n\n<li>Adendorf Dorfstra\u00dfe (2x)<\/li>\n<\/ul>\n\n\n\n<p><strong>Hinweise:<\/strong> F\u00fcr die Durchf\u00fchrungen der Arbeiten werden zum Teil Halteverbote eingerichtet. Zudem werden Gehwege und Stra\u00dfenbereiche gesperrt. Weiterhin werden w\u00e4hrend der Arbeiten Ersatzhaltestellen eingerichtet.<\/p>\n\n\n\n<p>Bitte beachten Sie hierzu vor Ort die Beschilderungen und Aush\u00e4nge an den Haltestellen.<\/p>\n","protected":false},"excerpt":{"rendered":"<p>Aktuell werden mit dem \u00d6PNV-F\u00f6rderprogramm des Landes Niedersachen Haltestellen des stra\u00dfengebundenen \u00d6PNV bedarfsgerecht grunderneuert, umgebaut und teilweise verlegt. Folgende Haltestelle sind hiervon betroffen: Hinweise: F\u00fcr die Durchf\u00fchrungen der Arbeiten werden zum Teil Halteverbote eingerichtet. Zudem werden Gehwege und Stra\u00dfenbereiche gesperrt. Weiterhin werden w\u00e4hrend der Arbeiten Ersatzhaltestellen eingerichtet. Bitte beachten Sie [&hellip;]<\/p>\n","protected":false},"author":1,"featured_media":0,"comment_status":"closed","ping_status":"open","sticky":false,"template":"","format":"standard","meta":{"footnotes":""},"categories":[74],"tags":[],"class_list":["post-9057","post","type-post","status-publish","format-standard","hentry","category-baustelleninformation"],"publishpress_future_action":{"enabled":true,"date":"2026-06-30 23:55:00","action":"change-status","newStatus":"draft","terms":[],"taxonomy":"category","extraData":[]},"publishpress_future_workflow_manual_trigger":{"enabledWorkflows":[]},"rttpg_featured_image_url":null,"rttpg_author":{"display_name":"Adendorf","author_link":"https:\/\/www.adendorf.de\/1\/author\/marco-brede\/"},"rttpg_comment":0,"rttpg_category":"<a href=\"https:\/\/www.adendorf.de\/1\/category\/baustelleninformation\/\" rel=\"category tag\">Baustelleninformation<\/a>","rttpg_excerpt":"Aktuell werden mit dem \u00d6PNV-F\u00f6rderprogramm des Landes Niedersachen Haltestellen des stra\u00dfengebundenen \u00d6PNV bedarfsgerecht grunderneuert, umgebaut und teilweise verlegt. Folgende Haltestelle sind hiervon betroffen: Hinweise: F\u00fcr die Durchf\u00fchrungen der Arbeiten werden zum Teil Halteverbote eingerichtet. Zudem werden Gehwege und Stra\u00dfenbereiche gesperrt. Weiterhin werden w\u00e4hrend der Arbeiten Ersatzhaltestellen eingerichtet. Bitte beachten Sie [&hellip;]","_links":{"self":[{"href":"https:\/\/www.adendorf.de\/1\/wp-json\/wp\/v2\/posts\/9057","targetHints":{"allow":["GET"]}}],"collection":[{"href":"https:\/\/www.adendorf.de\/1\/wp-json\/wp\/v2\/posts"}],"about":[{"href":"https:\/\/www.adendorf.de\/1\/wp-json\/wp\/v2\/types\/post"}],"author":[{"embeddable":true,"href":"https:\/\/www.adendorf.de\/1\/wp-json\/wp\/v2\/users\/1"}],"replies":[{"embeddable":true,"href":"https:\/\/www.adendorf.de\/1\/wp-json\/wp\/v2\/comments?post=9057"}],"version-history":[{"count":1,"href":"https:\/\/www.adendorf.de\/1\/wp-json\/wp\/v2\/posts\/9057\/revisions"}],"predecessor-version":[{"id":9058,"href":"https:\/\/www.adendorf.de\/1\/wp-json\/wp\/v2\/posts\/9057\/revisions\/9058"}],"wp:attachment":[{"href":"https:\/\/www.adendorf.de\/1\/wp-json\/wp\/v2\/media?parent=9057"}],"wp:term":[{"taxonomy":"category","embeddable":true,"href":"https:\/\/www.adendorf.de\/1\/wp-json\/wp\/v2\/categories?post=9057"},{"taxonomy":"post_tag","embeddable":true,"href":"https:\/\/www.adendorf.de\/1\/wp-json\/wp\/v2\/tags?post=9057"}],"curies":[{"name":"wp","href":"https:\/\/api.w.org\/{rel}","templated":true}]}}